{"id":234,"date":"2018-02-11T12:29:04","date_gmt":"2018-02-11T11:29:04","guid":{"rendered":"http:\/\/www.ordredesmusiciens.com\/?p=234"},"modified":"2018-02-11T12:36:13","modified_gmt":"2018-02-11T11:36:13","slug":"sur-france-musique-une-serie-demissions-a-ne-pas-manquer","status":"publish","type":"post","link":"https:\/\/www.ordredesmusiciens.com\/?p=234","title":{"rendered":"Sur France-Musique\u00a0: une s\u00e9rie d\u2019\u00e9missions \u00e0 ne pas manquer"},"content":{"rendered":"<p>Nous avons le plaisir de vous informer que Dominique Merlet, grand pianiste Fran\u00e7ais de renomm\u00e9e internationale, sera \u00e0 l\u2019honneur dans l\u2019\u00e9mission \u00ab\u00a0Grands Entretiens\u00a0\u00bb anim\u00e9e par Philippe Cassard, lui-m\u00eame ancien \u00e9l\u00e8ve de Dominique Merlet au CNSM de Paris, du 12 au 17 F\u00e9vrier de la mani\u00e8re suivante\u00a0:<\/p>\n<p>Du lundi 12 au vendredi 16 F\u00e9vrier, de 13h03 \u00e0 13h30\u00a0:<br \/>\nl\u2019artiste invit\u00e9 r\u00e9pond \u00e0 des questions entrecoup\u00e9es de documents d\u2019archives.<\/p>\n<p>Samedi 17 F\u00e9vrier, de 9h \u00e0 11h\u00a0: en direct avec Dominique Merlet.<\/p>\n<p>Nous vous souhaitons une agr\u00e9able \u00e9coute de cette s\u00e9rie d\u2019\u00e9missions qui rend hommage \u00e0 Dominique Merlet<img loading=\"lazy\" decoding=\"async\" class=\"alignnone size-full wp-image-233\" src=\"http:\/\/www.ordredesmusiciens.com\/wp-content\/uploads\/2018\/02\/Dominique-Merlet.jpg\" alt=\"\" width=\"159\" height=\"220\" \/><\/p>\n","protected":false},"excerpt":{"rendered":"<p>Nous avons le plaisir de vous informer que Dominique Merlet, grand pianiste Fran\u00e7ais de renomm\u00e9e internationale, sera \u00e0 l\u2019honneur dans<\/p>\n","protected":false},"author":3,"featured_media":0,"comment_status":"closed","ping_status":"closed","sticky":false,"template":"","format":"standard","meta":{"footnotes":""},"categories":[1,7],"tags":[],"class_list":["post-234","post","type-post","status-publish","format-standard","hentry","category-odm","category-presse"],"_links":{"self":[{"href":"https:\/\/www.ordredesmusiciens.com\/index.php?rest_route=\/wp\/v2\/posts\/234","targetHints":{"allow":["GET"]}}],"collection":[{"href":"https:\/\/www.ordredesmusiciens.com\/index.php?rest_route=\/wp\/v2\/posts"}],"about":[{"href":"https:\/\/www.ordredesmusiciens.com\/index.php?rest_route=\/wp\/v2\/types\/post"}],"author":[{"embeddable":true,"href":"https:\/\/www.ordredesmusiciens.com\/index.php?rest_route=\/wp\/v2\/users\/3"}],"replies":[{"embeddable":true,"href":"https:\/\/www.ordredesmusiciens.com\/index.php?rest_route=%2Fwp%2Fv2%2Fcomments&post=234"}],"version-history":[{"count":1,"href":"https:\/\/www.ordredesmusiciens.com\/index.php?rest_route=\/wp\/v2\/posts\/234\/revisions"}],"predecessor-version":[{"id":235,"href":"https:\/\/www.ordredesmusiciens.com\/index.php?rest_route=\/wp\/v2\/posts\/234\/revisions\/235"}],"wp:attachment":[{"href":"https:\/\/www.ordredesmusiciens.com\/index.php?rest_route=%2Fwp%2Fv2%2Fmedia&parent=234"}],"wp:term":[{"taxonomy":"category","embeddable":true,"href":"https:\/\/www.ordredesmusiciens.com\/index.php?rest_route=%2Fwp%2Fv2%2Fcategories&post=234"},{"taxonomy":"post_tag","embeddable":true,"href":"https:\/\/www.ordredesmusiciens.com\/index.php?rest_route=%2Fwp%2Fv2%2Ftags&post=234"}],"curies":[{"name":"wp","href":"https:\/\/api.w.org\/{rel}","templated":true}]}}