{"id":222,"date":"2017-10-17T14:06:12","date_gmt":"2017-10-17T13:06:12","guid":{"rendered":"http:\/\/www.ordredesmusiciens.com\/?p=222"},"modified":"2017-10-17T14:06:12","modified_gmt":"2017-10-17T13:06:12","slug":"professeurs-independants-votre-parcours-merite-une-reconnaissance","status":"publish","type":"post","link":"https:\/\/www.ordredesmusiciens.com\/?p=222","title":{"rendered":"Professeurs ind\u00e9pendants, votre parcours m\u00e9rite une reconnaissance"},"content":{"rendered":"<p align=\"JUSTIFY\"><span style=\"color: #000000;\"><span style=\"font-family: Book Antiqua;\"><span style=\"font-size: medium;\">\u00c0 l\u2019inverse des professeurs qui exercent l\u2019enseignement de leurs disciplines dans les Conservatoires de musique contr\u00f4l\u00e9s par l\u2019\u00c9tat, les professeurs ind\u00e9pendants ne b\u00e9n\u00e9ficient d\u2019aucun label institutionnel.<\/span><\/span><\/span><\/p>\n<p align=\"JUSTIFY\"><span style=\"color: #000000;\"><span style=\"font-family: Book Antiqua;\"><span style=\"font-size: medium;\">Cette carence, longue de plusieurs d\u00e9cennies, r\u00e9sulte d\u2019une absence de r\u00e9glementation sp\u00e9cifique \u00e0 l\u2019enseignement artistique pratiqu\u00e9 en lib\u00e9ral, alors que les artisans, coiffeurs et autres, ont l\u2019obligation d\u2019obtenir un CAP ou Brevet Professionnel pour avoir le droit d\u2019exercer.<\/span><\/span><\/span><\/p>\n<p align=\"JUSTIFY\"><span style=\"color: #000000;\"><span style=\"font-family: Book Antiqua;\"><span style=\"font-size: medium;\">Ainsi, quantit\u00e9 de professeurs ind\u00e9pendants titulaires de dipl\u00f4mes officiels, ou en capacit\u00e9 de justifier un parcours d\u2019\u00e9tudes d\u2019un tr\u00e8s bon niveau, sont priv\u00e9s d\u2019une validation juridique indispensable, pour \u00e9viter une concurrence d\u00e9loyale d\u2019un enseignement artistique exerc\u00e9 quelquefois par des personnes peu ou pas qualifi\u00e9es.<\/span><\/span><\/span><\/p>\n<p align=\"JUSTIFY\"><span style=\"color: #000000;\"><span style=\"font-family: Book Antiqua;\"><span style=\"font-size: medium;\">En r\u00e9ponse \u00e0 cette situation ubuesque, l\u2019OdM propose aux professeurs ind\u00e9pendants l\u2019obtention du label\u00a0\u00ab\u00a0Ordre des Musiciens\u00a0\u00bb, concr\u00e9tis\u00e9 par une attestation qui reconna\u00eet les comp\u00e9tences professionnelles du postulant.<\/span><\/span><\/span><\/p>\n<p align=\"JUSTIFY\"><span style=\"color: #000000;\"><span style=\"font-family: Book Antiqua;\"><span style=\"font-size: medium;\">Toutefois, ce dispositif engage le demandeur \u00e0 \u00e9tablir une demande d\u2019adh\u00e9sion \u00e0 l\u2019Ordre des Musiciens et de r\u00e9pondre sur l\u2019honneur aux conditions d\u2019admissions exig\u00e9es par l\u2019institution.<\/span><\/span><\/span><\/p>\n<p align=\"JUSTIFY\"><span style=\"color: #000000;\"><span style=\"font-family: Book Antiqua;\"><span style=\"font-size: medium;\">\u00c0 d\u00e9faut d\u2019un D\u00e9cret d\u2019\u00c9tat ayant autorit\u00e9 pour r\u00e9glementer l\u2019exercice lib\u00e9ral de la profession, le label \u00ab\u00a0Ordre des Musiciens\u00a0\u00bb devient une r\u00e9f\u00e9rence aupr\u00e8s du public et des familles qui choisissent cet enseignement pour leurs enfants.<\/span><\/span><\/span><\/p>\n<p align=\"RIGHT\"><span style=\"color: #000000;\"><span style=\"font-family: Book Antiqua;\"><span style=\"font-size: medium;\"> Le Conseil National de l\u2019Ordre des Musiciens<\/span><\/span><\/span><\/p>\n","protected":false},"excerpt":{"rendered":"<p>\u00c0 l\u2019inverse des professeurs qui exercent l\u2019enseignement de leurs disciplines dans les Conservatoires de musique contr\u00f4l\u00e9s par l\u2019\u00c9tat, les professeurs<\/p>\n","protected":false},"author":3,"featured_media":0,"comment_status":"closed","ping_status":"closed","sticky":false,"template":"","format":"standard","meta":{"footnotes":""},"categories":[1,7],"tags":[],"class_list":["post-222","post","type-post","status-publish","format-standard","hentry","category-odm","category-presse"],"_links":{"self":[{"href":"https:\/\/www.ordredesmusiciens.com\/index.php?rest_route=\/wp\/v2\/posts\/222","targetHints":{"allow":["GET"]}}],"collection":[{"href":"https:\/\/www.ordredesmusiciens.com\/index.php?rest_route=\/wp\/v2\/posts"}],"about":[{"href":"https:\/\/www.ordredesmusiciens.com\/index.php?rest_route=\/wp\/v2\/types\/post"}],"author":[{"embeddable":true,"href":"https:\/\/www.ordredesmusiciens.com\/index.php?rest_route=\/wp\/v2\/users\/3"}],"replies":[{"embeddable":true,"href":"https:\/\/www.ordredesmusiciens.com\/index.php?rest_route=%2Fwp%2Fv2%2Fcomments&post=222"}],"version-history":[{"count":1,"href":"https:\/\/www.ordredesmusiciens.com\/index.php?rest_route=\/wp\/v2\/posts\/222\/revisions"}],"predecessor-version":[{"id":223,"href":"https:\/\/www.ordredesmusiciens.com\/index.php?rest_route=\/wp\/v2\/posts\/222\/revisions\/223"}],"wp:attachment":[{"href":"https:\/\/www.ordredesmusiciens.com\/index.php?rest_route=%2Fwp%2Fv2%2Fmedia&parent=222"}],"wp:term":[{"taxonomy":"category","embeddable":true,"href":"https:\/\/www.ordredesmusiciens.com\/index.php?rest_route=%2Fwp%2Fv2%2Fcategories&post=222"},{"taxonomy":"post_tag","embeddable":true,"href":"https:\/\/www.ordredesmusiciens.com\/index.php?rest_route=%2Fwp%2Fv2%2Ftags&post=222"}],"curies":[{"name":"wp","href":"https:\/\/api.w.org\/{rel}","templated":true}]}}