{"id":10962,"date":"2024-11-01T19:06:36","date_gmt":"2024-11-01T18:06:36","guid":{"rendered":"https:\/\/www.ordredesmusiciens.com\/?p=10962"},"modified":"2024-11-01T19:06:36","modified_gmt":"2024-11-01T18:06:36","slug":"un-concours-de-violon-depossede-de-son-identite","status":"publish","type":"post","link":"https:\/\/www.ordredesmusiciens.com\/?p=10962","title":{"rendered":"UN CONCOURS DE VIOLON DEPOSSEDE DE SON IDENTITE&#8230;"},"content":{"rendered":"<p>Christian Pezza, adh\u00e9rent \u00e0 l&rsquo;Ordre Des Musiciens, Pr\u00e9sident de l&rsquo;Association Prodige-art, organisatrice entre autres du c\u00e9l\u00e8bre concours de violon Vatelot\/Rampal, a port\u00e9 \u00e0 notre connaissance l&rsquo;\u00e9change de mails qu&rsquo;il a eu avec les nouveaux gestionnaires de la c\u00e9l\u00e8bre lutherie. Ils portent sur leur injonction soudaine de lui interdire d&rsquo;utiliser la d\u00e9nomination Vatelot\/Rampal, privant ainsi le concours de son identit\u00e9. Rappelons que ce concours qui f\u00eate plus de trente ans d&rsquo;existence, \u00e9tait devenu au fil du temps une v\u00e9ritable institution du monde musical. Ce constat amer appelait une r\u00e9ponse du Pr\u00e9sident de l&rsquo;Ordre Des Musiciens.<br \/>\nLa voici, au travers de ce courrier envoy\u00e9 aux gestionnaires.<\/p>\n<p><a href=\"https:\/\/prodige-art.fr\/\">Prodige Art, concours de musique internationaux &#8211; Prodige Art<\/a><\/p>\n<p><a href=\"http:\/\/www.ordredesmusiciens.com\/wp-content\/uploads\/2024\/11\/Ordre-Des-Musiciens-Lettre-pour-le-concours-Vatelot-Rampal.pdf\">Ordre Des Musiciens Lettre pour le concours Vatelot-Rampal<\/a><\/p>\n","protected":false},"excerpt":{"rendered":"<p>Christian Pezza, adh\u00e9rent \u00e0 l&rsquo;Ordre Des Musiciens, Pr\u00e9sident de l&rsquo;Association Prodige-art, organisatrice entre autres du c\u00e9l\u00e8bre concours de violon Vatelot\/Rampal,<\/p>\n","protected":false},"author":3,"featured_media":0,"comment_status":"closed","ping_status":"closed","sticky":false,"template":"","format":"standard","meta":{"footnotes":""},"categories":[1],"tags":[],"class_list":["post-10962","post","type-post","status-publish","format-standard","hentry","category-odm"],"_links":{"self":[{"href":"https:\/\/www.ordredesmusiciens.com\/index.php?rest_route=\/wp\/v2\/posts\/10962","targetHints":{"allow":["GET"]}}],"collection":[{"href":"https:\/\/www.ordredesmusiciens.com\/index.php?rest_route=\/wp\/v2\/posts"}],"about":[{"href":"https:\/\/www.ordredesmusiciens.com\/index.php?rest_route=\/wp\/v2\/types\/post"}],"author":[{"embeddable":true,"href":"https:\/\/www.ordredesmusiciens.com\/index.php?rest_route=\/wp\/v2\/users\/3"}],"replies":[{"embeddable":true,"href":"https:\/\/www.ordredesmusiciens.com\/index.php?rest_route=%2Fwp%2Fv2%2Fcomments&post=10962"}],"version-history":[{"count":1,"href":"https:\/\/www.ordredesmusiciens.com\/index.php?rest_route=\/wp\/v2\/posts\/10962\/revisions"}],"predecessor-version":[{"id":10964,"href":"https:\/\/www.ordredesmusiciens.com\/index.php?rest_route=\/wp\/v2\/posts\/10962\/revisions\/10964"}],"wp:attachment":[{"href":"https:\/\/www.ordredesmusiciens.com\/index.php?rest_route=%2Fwp%2Fv2%2Fmedia&parent=10962"}],"wp:term":[{"taxonomy":"category","embeddable":true,"href":"https:\/\/www.ordredesmusiciens.com\/index.php?rest_route=%2Fwp%2Fv2%2Fcategories&post=10962"},{"taxonomy":"post_tag","embeddable":true,"href":"https:\/\/www.ordredesmusiciens.com\/index.php?rest_route=%2Fwp%2Fv2%2Ftags&post=10962"}],"curies":[{"name":"wp","href":"https:\/\/api.w.org\/{rel}","templated":true}]}}