{"id":10679,"date":"2024-09-12T04:59:28","date_gmt":"2024-09-12T03:59:28","guid":{"rendered":"https:\/\/www.ordredesmusiciens.com\/?p=10679"},"modified":"2024-09-12T05:17:16","modified_gmt":"2024-09-12T04:17:16","slug":"festival-international-albert-roussel","status":"publish","type":"post","link":"https:\/\/www.ordredesmusiciens.com\/?p=10679","title":{"rendered":"Festival International Albert-Roussel"},"content":{"rendered":"<p>Notre vice-pr\u00e9sident Damien TOP organise un concert dans le cadre du Festival International Albert Roussel. Le quintette Syntonia interpr\u00e9tera des \u0153uvres de Debussy, Roussel et Delvincourt le dimanche 15 septembre \u00e0 17 heures \u00e0 la Coll\u00e9giale Notre-Dame de Cassel: entr\u00e9e 15\u20ac.<br \/>\nA l&rsquo;occasion du premier enregistrement mondial du quintette de Claude Delvincourt et de la sortie du disque, la m\u00eame formation donnera un Concert-Hommage sur cette \u0153uvre le lundi 16 septembre \u00e0 19h30 au Temple Saint-Marcel: 24 rue Pierre Nicole &#8211; PARIS V, entr\u00e9e 15\u20ac.<br \/>\nEnfin les musiciens du quatuor \u00e0 cordes Syntonia poseront leurs valises \u00e0 Saint-Claude (Jura) dans une production des Concerts Pierre Bernard organis\u00e9s par notre vice-pr\u00e9sident Bernard DUPAQUIER avec au programme le quatuor \u00ab\u00a0Am\u00e9ricain\u00a0\u00bb de Dvorak ainsi que le quatuor de Claude Delvincourt.<br \/>\nDes concerts \u00e0 ne pas manquer.<br \/>\nL&rsquo;Ordre Des Musiciens se f\u00e9licite d&rsquo;\u00eatre associ\u00e9 \u00e0 ces \u00e9v\u00e8nements.<\/p>\n<p>\u00c9mission \u00e0 France Musique le 14 septembre.<\/p>\n<p>Vois la page d&rsquo;accueil du Quintette :\u00a0<a href=\"https:\/\/www.syntoniapianoquintet.com\/\" target=\"_blank\" rel=\"noopener noreferrer\" data-saferedirecturl=\"https:\/\/www.google.com\/url?q=https:\/\/www.syntoniapianoquintet.com\/&amp;source=gmail&amp;ust=1726198358001000&amp;usg=AOvVaw3mHIr-9bwnRTFrYQ1G_Rz6\">https:\/\/www.syntoniapianoquint<wbr \/>et.com\/<\/a><br \/>\n<img loading=\"lazy\" decoding=\"async\" class=\"alignnone size-medium wp-image-10676\" src=\"http:\/\/www.ordredesmusiciens.com\/wp-content\/uploads\/2024\/09\/affiche-Paris-1-300x188.png\" alt=\"\" width=\"300\" height=\"188\" srcset=\"https:\/\/www.ordredesmusiciens.com\/wp-content\/uploads\/2024\/09\/affiche-Paris-1-300x188.png 300w, https:\/\/www.ordredesmusiciens.com\/wp-content\/uploads\/2024\/09\/affiche-Paris-1-1024x641.png 1024w, https:\/\/www.ordredesmusiciens.com\/wp-content\/uploads\/2024\/09\/affiche-Paris-1-768x481.png 768w, https:\/\/www.ordredesmusiciens.com\/wp-content\/uploads\/2024\/09\/affiche-Paris-1.png 1027w\" sizes=\"auto, (max-width: 300px) 100vw, 300px\" \/><img loading=\"lazy\" decoding=\"async\" class=\"alignnone size-medium wp-image-10675\" src=\"http:\/\/www.ordredesmusiciens.com\/wp-content\/uploads\/2024\/09\/Affiche-15-septembre-Cassel-300x200.png\" alt=\"\" width=\"300\" height=\"200\" srcset=\"https:\/\/www.ordredesmusiciens.com\/wp-content\/uploads\/2024\/09\/Affiche-15-septembre-Cassel-300x200.png 300w, https:\/\/www.ordredesmusiciens.com\/wp-content\/uploads\/2024\/09\/Affiche-15-septembre-Cassel-768x511.png 768w, https:\/\/www.ordredesmusiciens.com\/wp-content\/uploads\/2024\/09\/Affiche-15-septembre-Cassel.png 964w\" sizes=\"auto, (max-width: 300px) 100vw, 300px\" \/><img loading=\"lazy\" decoding=\"async\" class=\"alignnone size-medium wp-image-10674\" src=\"http:\/\/www.ordredesmusiciens.com\/wp-content\/uploads\/2024\/09\/affiche-16-septembre-Paris-300x192.png\" alt=\"\" width=\"300\" height=\"192\" srcset=\"https:\/\/www.ordredesmusiciens.com\/wp-content\/uploads\/2024\/09\/affiche-16-septembre-Paris-300x192.png 300w, https:\/\/www.ordredesmusiciens.com\/wp-content\/uploads\/2024\/09\/affiche-16-septembre-Paris-768x492.png 768w, https:\/\/www.ordredesmusiciens.com\/wp-content\/uploads\/2024\/09\/affiche-16-septembre-Paris.png 1000w\" sizes=\"auto, (max-width: 300px) 100vw, 300px\" \/><\/p>\n","protected":false},"excerpt":{"rendered":"<p>Notre vice-pr\u00e9sident Damien TOP organise un concert dans le cadre du Festival International Albert Roussel. Le quintette Syntonia interpr\u00e9tera des<\/p>\n","protected":false},"author":3,"featured_media":0,"comment_status":"closed","ping_status":"closed","sticky":false,"template":"","format":"standard","meta":{"footnotes":""},"categories":[1],"tags":[],"class_list":["post-10679","post","type-post","status-publish","format-standard","hentry","category-odm"],"_links":{"self":[{"href":"https:\/\/www.ordredesmusiciens.com\/index.php?rest_route=\/wp\/v2\/posts\/10679","targetHints":{"allow":["GET"]}}],"collection":[{"href":"https:\/\/www.ordredesmusiciens.com\/index.php?rest_route=\/wp\/v2\/posts"}],"about":[{"href":"https:\/\/www.ordredesmusiciens.com\/index.php?rest_route=\/wp\/v2\/types\/post"}],"author":[{"embeddable":true,"href":"https:\/\/www.ordredesmusiciens.com\/index.php?rest_route=\/wp\/v2\/users\/3"}],"replies":[{"embeddable":true,"href":"https:\/\/www.ordredesmusiciens.com\/index.php?rest_route=%2Fwp%2Fv2%2Fcomments&post=10679"}],"version-history":[{"count":5,"href":"https:\/\/www.ordredesmusiciens.com\/index.php?rest_route=\/wp\/v2\/posts\/10679\/revisions"}],"predecessor-version":[{"id":10685,"href":"https:\/\/www.ordredesmusiciens.com\/index.php?rest_route=\/wp\/v2\/posts\/10679\/revisions\/10685"}],"wp:attachment":[{"href":"https:\/\/www.ordredesmusiciens.com\/index.php?rest_route=%2Fwp%2Fv2%2Fmedia&parent=10679"}],"wp:term":[{"taxonomy":"category","embeddable":true,"href":"https:\/\/www.ordredesmusiciens.com\/index.php?rest_route=%2Fwp%2Fv2%2Fcategories&post=10679"},{"taxonomy":"post_tag","embeddable":true,"href":"https:\/\/www.ordredesmusiciens.com\/index.php?rest_route=%2Fwp%2Fv2%2Ftags&post=10679"}],"curies":[{"name":"wp","href":"https:\/\/api.w.org\/{rel}","templated":true}]}}